{"id":1866,"date":"2014-03-06T17:02:33","date_gmt":"2014-03-06T17:02:33","guid":{"rendered":"http:\/\/leomuniz.com.ar\/blog\/?p=1866"},"modified":"2025-09-04T15:51:19","modified_gmt":"2025-09-04T18:51:19","slug":"publicidad-claro-hinchas-sin-limites","status":"publish","type":"post","link":"https:\/\/leomuniz.com.ar\/blog\/publicidad-claro-hinchas-sin-limites\/","title":{"rendered":"Publicidad: Claro, hinchas sin l\u00edmites"},"content":{"rendered":"<p>Publicidad en Argentina | La agencia Soho Square presenta la nueva campa\u00f1a de Claro de cara al pr\u00f3ximo mundial de f\u00fatbol&#8221;Porque tu pasi\u00f3n no tiene l\u00edmites, hay un sponsor ilimitado&#8221;. La campa\u00f1a se complementa con sitio web www.claro.com.ar\/seleccion\/ donde los usuarios podr\u00e1n descubrir las diferentes formas que tiene Claro para acompa\u00f1ar y alentar a la Selecci\u00f3n.<\/p>\n<p>Container<\/p>\n<p>https:\/\/youtu.be\/eFjd6Ba6lcU<\/p>\n<p>Paran\u00e1<\/p>\n<p>https:\/\/youtu.be\/Rfce9W2Po6I<br \/>\nHay que ir<\/p>\n<p>https:\/\/youtu.be\/0e134cn4jjo<\/p>\n<p>Hay Que Ir Container Lado B<\/p>\n<p>https:\/\/youtu.be\/BagEfM2ksb0 <\/p>\n<p>Hay que Ir &#8211; Reality<\/p>\n<p>https:\/\/youtu.be\/V8hqb4oOBpU <\/p>\n<p>Ficha t\u00e9cnica<br \/>\nAnunciante: Claro<br \/>\nProducto: Sponsoring AFA<br \/>\nTema: \u201cHay que ir\u201d, \u201cR\u00edo Paran\u00e1&#8221;, \u201cContainers\u201d, \u201cMotorhome&#8221;, \u201cReality\u201d y \u201cCirco\u201d<br \/>\nAgencia: Soho Square Buenos Aires<br \/>\nDirector General Creativo: Gustavo Reyes<br \/>\nHead of Art: Maxi S\u00e1nchez Correa<br \/>\nDirector Creativo: Pedro Pappalardo<br \/>\nCreativos: Pablo Carrera \/ Nicol\u00e1s Chiesa<br \/>\nDirectora de Cuentas: Patricia Mascheroni<br \/>\nEjecutivas de Cuentas: Soledad Marquez \/ Magali de la Orden<br \/>\nProducci\u00f3n Audiovisual: Valeria Pinto \u2013 Pato Browne<br \/>\nProductora: Palermo Films<br \/>\nDirector: Sebastian Borensztein<br \/>\nProd. Ejecutivo: Pablo Terruzzi<br \/>\nProductor: Demian Cosentino<br \/>\nJefe de Producci\u00f3n: Lorena Domeniguini<br \/>\nAsistente de Direcci\u00f3n: Anal\u00eda Ort\u00edz<br \/>\nDirector de Fotograf\u00eda: Kino Gonz\u00e1lez<br \/>\nDirecci\u00f3n de Arte: Dar\u00edo Feal<br \/>\nVestuario: Giselle Peisojovich<br \/>\nPostproducci\u00f3n \/ correcci\u00f3n de color: <a href=\"http:\/\/www.postmedia.com.ar\" target=\"_blank\" rel=\u201dnofollow\u201d rel=\"nofollow\">Postmedia<\/a><br \/>\nPostproductor: Jos\u00e9 Becker<br \/>\nLocutor: Sebasti\u00e1n Costa<br \/>\nMezcla: <a href=\"https:\/\/www.noproblemsonido.com\" target=\"_blank\" rel=\"\u201dnofollow\u201d\" rel=\"nofollow\">No Problem<\/a><br \/>\nBanda de sonido: <a href=\"http:\/\/www.nectarmusica.com\" target=\"_blank\" rel=\u201dnofollow\u201d rel=\"nofollow\">N\u00e9ctar M\u00fasica<\/a><br \/>\nResponsables por el cliente: Giselle De Angelis, Sofia Marenco, Julian Arpi, Matias Tevez.<br \/>\nFuente: <a href=\"https:\/\/www.dossiernet.com.ar\/\" target=\"_blank\" rel=\u201dnofollow\u201d rel=\"nofollow\">Dossiernet<\/a><\/p>\n","protected":false},"excerpt":{"rendered":"<p>Publicidad en Argentina | La agencia Soho Square presenta la nueva campa\u00f1a de Claro de cara al pr\u00f3ximo mundial de f\u00fatbol&#8221;Porque tu pasi\u00f3n no tiene l\u00edmites, hay un sponsor ilimitado&#8221;. La campa\u00f1a se complementa con sitio web www.claro.com.ar\/seleccion\/ donde los usuarios podr\u00e1n descubrir las diferentes formas que tiene Claro para acompa\u00f1ar y alentar a la [&hellip;]<\/p>\n","protected":false},"author":1,"featured_media":0,"comment_status":"open","ping_status":"open","sticky":false,"template":"","format":"standard","meta":{"_jetpack_memberships_contains_paid_content":false,"footnotes":""},"categories":[39,25],"tags":[41,11,49,43,44,22,52,397,45,38,1006],"class_list":["post-1866","post","type-post","status-publish","format-standard","hentry","category-campana-publicitaria","category-publicidad","tag-41","tag-argentina","tag-claro","tag-comercial","tag-commercial","tag-ficha-tecnica","tag-mundial","tag-mundial-de-futbol-brasil","tag-propaganda","tag-publicidad-2","tag-reality"],"jetpack_featured_media_url":"","jetpack_sharing_enabled":true,"_links":{"self":[{"href":"https:\/\/leomuniz.com.ar\/blog\/wp-json\/wp\/v2\/posts\/1866","targetHints":{"allow":["GET"]}}],"collection":[{"href":"https:\/\/leomuniz.com.ar\/blog\/wp-json\/wp\/v2\/posts"}],"about":[{"href":"https:\/\/leomuniz.com.ar\/blog\/wp-json\/wp\/v2\/types\/post"}],"author":[{"embeddable":true,"href":"https:\/\/leomuniz.com.ar\/blog\/wp-json\/wp\/v2\/users\/1"}],"replies":[{"embeddable":true,"href":"https:\/\/leomuniz.com.ar\/blog\/wp-json\/wp\/v2\/comments?post=1866"}],"version-history":[{"count":4,"href":"https:\/\/leomuniz.com.ar\/blog\/wp-json\/wp\/v2\/posts\/1866\/revisions"}],"predecessor-version":[{"id":9679,"href":"https:\/\/leomuniz.com.ar\/blog\/wp-json\/wp\/v2\/posts\/1866\/revisions\/9679"}],"wp:attachment":[{"href":"https:\/\/leomuniz.com.ar\/blog\/wp-json\/wp\/v2\/media?parent=1866"}],"wp:term":[{"taxonomy":"category","embeddable":true,"href":"https:\/\/leomuniz.com.ar\/blog\/wp-json\/wp\/v2\/categories?post=1866"},{"taxonomy":"post_tag","embeddable":true,"href":"https:\/\/leomuniz.com.ar\/blog\/wp-json\/wp\/v2\/tags?post=1866"}],"curies":[{"name":"wp","href":"https:\/\/api.w.org\/{rel}","templated":true}]}}