{"id":2119,"date":"2014-05-25T19:39:57","date_gmt":"2014-05-25T19:39:57","guid":{"rendered":"http:\/\/leomuniz.com.ar\/blog\/?p=2119"},"modified":"2025-09-04T15:10:43","modified_gmt":"2025-09-04T18:10:43","slug":"publicidad-coca-cola-y-la-copa-de-todos","status":"publish","type":"post","link":"https:\/\/leomuniz.com.ar\/blog\/publicidad-coca-cola-y-la-copa-de-todos\/","title":{"rendered":"Publicidad: Coca-Cola y la copa de todos"},"content":{"rendered":"<p>Publicidad en Argentina | La agencia de publicidad Wunderman presenta el comercial de Coca-Cola Argentina con motivo de pr\u00f3ximo mundial de f\u00fatbol dando cuenta de todas las analog\u00edas que tiene un partido de nuestra selecci\u00f3n nacional con la vida misma, desde el recibimiento cuando salimos a la cancha, para luego dejar todo en ella.<\/p>\n<p><iframe title=\"La Copa de Todos - Coca Cola - Mundial 2014\" width=\"800\" height=\"450\" src=\"https:\/\/www.youtube.com\/embed\/F_jYyuvHfv0?feature=oembed\" frameborder=\"0\" allow=\"accelerometer; autoplay; clipboard-write; encrypted-media; gyroscope; picture-in-picture\" allowfullscreen><\/iframe><\/p>\n<p>Ficha t\u00e9cnica<br \/>\nAgencia: Wunderman Buenos Aires<a href=\"http:\/\/www.wunderman.com.ar\/\" rel=\"noopener noreferrer nofollow\" target=\"_blank\"><br \/>\n<\/a>Equipo Creativo: Mart\u00edn Mercado, Mart\u00edn Goldberg, Dar\u00edo Rial y Diego Tuya<br \/>\nProductor de Agencia: Agust\u00edn Borgognoni<br \/>\nDirector de Cuentas: Agust\u00edn Coste<br \/>\nSupervisor de Cuentas: Santiago Cony Etchart<br \/>\nProductora: Blue<br \/>\nDirector: Pucho Mentasti<br \/>\nProductor ejecutivo: Gonzalo Fontana<br \/>\nPostproducci\u00f3n: Barraca Post<br \/>\nBanda: AudioMachine\/Noroeste<br \/>\nEstudio: Noroeste<br \/>\nResponsable por el cliente: Luis Gerardin, Guillermo Gim\u00e9nez y Brotons, Stephan Czypionka, Marina Saroka, Katzi Olivella, Alberto Velasco, Rosario Delgado, Diego Luis y Lorena Supervielle<br \/>\nProducci\u00f3n por parte del cliente: <a href=\"http:\/\/laverdepro.com\/\" rel=\"noopener noreferrer nofollow\" target=\"_blank\">La Verde Pro<\/a><\/p>\n","protected":false},"excerpt":{"rendered":"<p>Publicidad en Argentina | La agencia de publicidad Wunderman presenta el comercial de Coca-Cola Argentina con motivo de pr\u00f3ximo mundial de f\u00fatbol dando cuenta de todas las analog\u00edas que tiene un partido de nuestra selecci\u00f3n nacional con la vida misma, desde el recibimiento cuando salimos a la cancha, para luego dejar todo en ella. Ficha [&hellip;]<\/p>\n","protected":false},"author":1,"featured_media":0,"comment_status":"open","ping_status":"open","sticky":false,"template":"","format":"standard","meta":{"_jetpack_memberships_contains_paid_content":false,"footnotes":""},"categories":[39,25],"tags":[46,41,11,42,12,43,44,52,45,38],"class_list":["post-2119","post","type-post","status-publish","format-standard","hentry","category-campana-publicitaria","category-publicidad","tag--ficha-tecnica","tag-41","tag-argentina","tag-bueno-aires","tag-coca-cola","tag-comercial","tag-commercial","tag-mundial","tag-propaganda","tag-publicidad-2"],"jetpack_featured_media_url":"","jetpack_sharing_enabled":true,"_links":{"self":[{"href":"https:\/\/leomuniz.com.ar\/blog\/wp-json\/wp\/v2\/posts\/2119","targetHints":{"allow":["GET"]}}],"collection":[{"href":"https:\/\/leomuniz.com.ar\/blog\/wp-json\/wp\/v2\/posts"}],"about":[{"href":"https:\/\/leomuniz.com.ar\/blog\/wp-json\/wp\/v2\/types\/post"}],"author":[{"embeddable":true,"href":"https:\/\/leomuniz.com.ar\/blog\/wp-json\/wp\/v2\/users\/1"}],"replies":[{"embeddable":true,"href":"https:\/\/leomuniz.com.ar\/blog\/wp-json\/wp\/v2\/comments?post=2119"}],"version-history":[{"count":5,"href":"https:\/\/leomuniz.com.ar\/blog\/wp-json\/wp\/v2\/posts\/2119\/revisions"}],"predecessor-version":[{"id":9562,"href":"https:\/\/leomuniz.com.ar\/blog\/wp-json\/wp\/v2\/posts\/2119\/revisions\/9562"}],"wp:attachment":[{"href":"https:\/\/leomuniz.com.ar\/blog\/wp-json\/wp\/v2\/media?parent=2119"}],"wp:term":[{"taxonomy":"category","embeddable":true,"href":"https:\/\/leomuniz.com.ar\/blog\/wp-json\/wp\/v2\/categories?post=2119"},{"taxonomy":"post_tag","embeddable":true,"href":"https:\/\/leomuniz.com.ar\/blog\/wp-json\/wp\/v2\/tags?post=2119"}],"curies":[{"name":"wp","href":"https:\/\/api.w.org\/{rel}","templated":true}]}}