{"id":2123,"date":"2014-05-25T19:56:51","date_gmt":"2014-05-25T19:56:51","guid":{"rendered":"http:\/\/leomuniz.com.ar\/blog\/?p=2123"},"modified":"2014-05-25T19:56:51","modified_gmt":"2014-05-25T19:56:51","slug":"publicidad-cablevision-y-el-pedido-a-los-jugadores-de-la-seleccion","status":"publish","type":"post","link":"https:\/\/leomuniz.com.ar\/blog\/publicidad-cablevision-y-el-pedido-a-los-jugadores-de-la-seleccion\/","title":{"rendered":"Publicidad: Cablevisi\u00f3n y el pedido a los jugadores de la selecci\u00f3n"},"content":{"rendered":"<p>Publicidad en Argentina | A pocos d\u00edas del inicio de Mundial de F\u00fatbol Brasil 2014, Cablevisi\u00f3n toma la voz en nombre de todos los argentinos con este pedido a los jugadores de la selecci\u00f3n nacional de f\u00fatbol para que sea argentina, pero bien argentina!<\/p>\n<p><iframe title=\"Cablevisi\u00f3n - Mundial 2014\" width=\"800\" height=\"450\" src=\"https:\/\/www.youtube.com\/embed\/O8ic1ogu3qw?feature=oembed\" frameborder=\"0\" allow=\"accelerometer; autoplay; clipboard-write; encrypted-media; gyroscope; picture-in-picture\" allowfullscreen><\/iframe> <\/p>\n","protected":false},"excerpt":{"rendered":"<p>Publicidad en Argentina | A pocos d\u00edas del inicio de Mundial de F\u00fatbol Brasil 2014, Cablevisi\u00f3n toma la voz en nombre de todos los argentinos con este pedido a los jugadores de la selecci\u00f3n nacional de f\u00fatbol para que sea argentina, pero bien argentina!<\/p>\n","protected":false},"author":1,"featured_media":0,"comment_status":"open","ping_status":"open","sticky":false,"template":"","format":"standard","meta":{"_jetpack_memberships_contains_paid_content":false,"footnotes":""},"categories":[39,25],"tags":[46,47,48,42,795,43,50,397,1065,45,38,1066],"class_list":["post-2123","post","type-post","status-publish","format-standard","hentry","category-campana-publicitaria","category-publicidad","tag--ficha-tecnica","tag-47","tag-argentina","tag-bueno-aires","tag-cablevision","tag-comercial","tag-commercial","tag-mundial-de-futbol-brasil","tag-pedido","tag-propaganda","tag-publicidad-2","tag-seleccion-nacional-de-futbol"],"jetpack_featured_media_url":"","jetpack_sharing_enabled":true,"_links":{"self":[{"href":"https:\/\/leomuniz.com.ar\/blog\/wp-json\/wp\/v2\/posts\/2123","targetHints":{"allow":["GET"]}}],"collection":[{"href":"https:\/\/leomuniz.com.ar\/blog\/wp-json\/wp\/v2\/posts"}],"about":[{"href":"https:\/\/leomuniz.com.ar\/blog\/wp-json\/wp\/v2\/types\/post"}],"author":[{"embeddable":true,"href":"https:\/\/leomuniz.com.ar\/blog\/wp-json\/wp\/v2\/users\/1"}],"replies":[{"embeddable":true,"href":"https:\/\/leomuniz.com.ar\/blog\/wp-json\/wp\/v2\/comments?post=2123"}],"version-history":[{"count":0,"href":"https:\/\/leomuniz.com.ar\/blog\/wp-json\/wp\/v2\/posts\/2123\/revisions"}],"wp:attachment":[{"href":"https:\/\/leomuniz.com.ar\/blog\/wp-json\/wp\/v2\/media?parent=2123"}],"wp:term":[{"taxonomy":"category","embeddable":true,"href":"https:\/\/leomuniz.com.ar\/blog\/wp-json\/wp\/v2\/categories?post=2123"},{"taxonomy":"post_tag","embeddable":true,"href":"https:\/\/leomuniz.com.ar\/blog\/wp-json\/wp\/v2\/tags?post=2123"}],"curies":[{"name":"wp","href":"https:\/\/api.w.org\/{rel}","templated":true}]}}