{"id":2559,"date":"2014-10-30T14:00:23","date_gmt":"2014-10-30T14:00:23","guid":{"rendered":"http:\/\/leomuniz.com.ar\/blog\/?p=2559"},"modified":"2014-10-30T14:00:23","modified_gmt":"2014-10-30T14:00:23","slug":"posgrado-locutores-tercer-encuentro-el-locutor-y-la-autogestion","status":"publish","type":"post","link":"https:\/\/leomuniz.com.ar\/blog\/posgrado-locutores-tercer-encuentro-el-locutor-y-la-autogestion\/","title":{"rendered":"Posgrado Locutores: Tercer encuentro &#8220;El Locutor y la autogesti\u00f3n&#8221;"},"content":{"rendered":"<p>El pr\u00f3ximo s\u00e1bado 1\u00b0 de noviembre a las 10.00 horas, se realizar\u00e1 el tercer encuentro del Seminario de Posgrado en Locuci\u00f3n que impulsan la Autoridad Federal de Servicios de Comunicaci\u00f3n Audiovisual y el ISER.<br \/>\nLa actividad se llevar\u00e1 adelante en la Universidad Metropolitana para la Educaci\u00f3n y el Trabajo (UMET) ubicada en Sarmiento 2037, Ciudad Aut\u00f3noma de Buenos Aires y se debatir\u00e1 sobre el Locutor y la autogesti\u00f3n. Nuevas tecnolog\u00edas de comunicaci\u00f3n; Narrativas Transmedia: nuevos paradigmas: procedimientos de realizaci\u00f3n de productos audiovisuales; Cambios en el esquema de comunicaci\u00f3n: la circulaci\u00f3n de contenidos.<\/p>\n<p><a href=\"http:\/\/leomuniz.com.ar\/blog\/wp-content\/uploads\/2014\/10\/el-locutor-y-la-autogestion.jpg\"><img decoding=\"async\" src=\"http:\/\/leomuniz.com.ar\/blog\/wp-content\/uploads\/2014\/10\/el-locutor-y-la-autogestion.jpg\" alt=\"El locutor y la autogesti\u00f3n\" class=\"alignnone\" \/><\/a><br \/>\nEl seminario tiene entre sus objetivos visibilizar el marco conceptual desde el que se configuran los medios de comunicaci\u00f3n, sus contenidos y la relaci\u00f3n con la profesi\u00f3n del locutor. Finalmente debatir sobre el concepto de cultura, incorporando imaginarios y saberes de nuevos enfoques sobre las relaciones entre cultura e identidad.<\/p>\n","protected":false},"excerpt":{"rendered":"<p>El pr\u00f3ximo s\u00e1bado 1\u00b0 de noviembre a las 10.00 horas, se realizar\u00e1 el tercer encuentro del Seminario de Posgrado en Locuci\u00f3n que impulsan la Autoridad Federal de Servicios de Comunicaci\u00f3n Audiovisual y el ISER. La actividad se llevar\u00e1 adelante en la Universidad Metropolitana para la Educaci\u00f3n y el Trabajo (UMET) ubicada en Sarmiento 2037, Ciudad [&hellip;]<\/p>\n","protected":false},"author":1,"featured_media":0,"comment_status":"open","ping_status":"open","sticky":false,"template":"","format":"standard","meta":{"_jetpack_memberships_contains_paid_content":false,"footnotes":""},"categories":[232],"tags":[1158,36,220,1159],"class_list":["post-2559","post","type-post","status-publish","format-standard","hentry","category-locucion-2","tag-el-locutor-y-la-autogestion","tag-locutor","tag-locutores","tag-post-grado-locutors"],"jetpack_featured_media_url":"","jetpack_sharing_enabled":true,"_links":{"self":[{"href":"https:\/\/leomuniz.com.ar\/blog\/wp-json\/wp\/v2\/posts\/2559","targetHints":{"allow":["GET"]}}],"collection":[{"href":"https:\/\/leomuniz.com.ar\/blog\/wp-json\/wp\/v2\/posts"}],"about":[{"href":"https:\/\/leomuniz.com.ar\/blog\/wp-json\/wp\/v2\/types\/post"}],"author":[{"embeddable":true,"href":"https:\/\/leomuniz.com.ar\/blog\/wp-json\/wp\/v2\/users\/1"}],"replies":[{"embeddable":true,"href":"https:\/\/leomuniz.com.ar\/blog\/wp-json\/wp\/v2\/comments?post=2559"}],"version-history":[{"count":0,"href":"https:\/\/leomuniz.com.ar\/blog\/wp-json\/wp\/v2\/posts\/2559\/revisions"}],"wp:attachment":[{"href":"https:\/\/leomuniz.com.ar\/blog\/wp-json\/wp\/v2\/media?parent=2559"}],"wp:term":[{"taxonomy":"category","embeddable":true,"href":"https:\/\/leomuniz.com.ar\/blog\/wp-json\/wp\/v2\/categories?post=2559"},{"taxonomy":"post_tag","embeddable":true,"href":"https:\/\/leomuniz.com.ar\/blog\/wp-json\/wp\/v2\/tags?post=2559"}],"curies":[{"name":"wp","href":"https:\/\/api.w.org\/{rel}","templated":true}]}}