{"id":259,"date":"2013-04-27T14:53:43","date_gmt":"2013-04-27T14:53:43","guid":{"rendered":"http:\/\/leomuniz.com.ar\/blog\/?p=259"},"modified":"2013-04-27T14:53:43","modified_gmt":"2013-04-27T14:53:43","slug":"publicidad-vital-3-presenta-su-nueva-formula","status":"publish","type":"post","link":"https:\/\/leomuniz.com.ar\/blog\/publicidad-vital-3-presenta-su-nueva-formula\/","title":{"rendered":"Vital 3 presenta su nueva f\u00f3rmula"},"content":{"rendered":"<p>Publicidad en Argentina | Vital, la marca con mayor trayectoria en Argentina de Nutricia Bag\u00f3, present\u00f3 su nuevo comercial para Vital 3, acompa\u00f1ando el lanzamiento de su nueva f\u00f3rmula. El nuevo comercial busca concientizar a las mam\u00e1s acerca de la importancia de incentivar el desarrollo de sus hijos en cada etapa. El nuevo Vital 3 con VitaFe posee Omega 3 y 6, nutrientes esenciales para la formaci\u00f3n del cerebro y el desarrollo cognitivo durante los primeros a\u00f1os de vida del ni\u00f1o.<\/p>\n<p><iframe title=\"Vital 3 - Nueva f\u00f3rmula\" width=\"800\" height=\"450\" src=\"https:\/\/www.youtube.com\/embed\/IJOjwZO2cAA?feature=oembed\" frameborder=\"0\" allow=\"accelerometer; autoplay; clipboard-write; encrypted-media; gyroscope; picture-in-picture\" allowfullscreen><\/iframe> <\/p>\n<p>Ficha t\u00e9cnica:<br \/>\nAnunciante: Nutricia-Bag\u00f3<br \/>\nProducto: Vital 3<br \/>\nAgencia: BETC<br \/>\nDirector General Creativo: Sophie Anduze<br \/>\nDirector General de Arte: Sabine Bruneau<br \/>\nDirectores Creativos: Sophie Anduze<br \/>\nRedactores: Sophie Anduze<br \/>\nDirector de Arte: Sabine Bruneau<br \/>\nTV producer: Emilie Cointot<br \/>\nProductora: Standard<br \/>\nDirector: Ladybird<br \/>\nProductor Audiovisual: Anthony Bargis<br \/>\nDirector de Producci\u00f3n Audiovisual: Laragh Stewart<br \/>\nDirectora de Cuentas: Charlotte Picq \/ Patricia Mascheroni<br \/>\nEjecutivo de Cuentas: Marie-Laure Davy \/ Sol Dignani<br \/>\nAsistente de Direcci\u00f3n: Agustina Mayeregger<br \/>\nProductor Ejecutivo: Primo &#8211; Gabriela Carcova<br \/>\nJefe de Producci\u00f3n: Micky Buye<br \/>\nLine Producer: Mechi Tarelli<br \/>\nDirector de Fotografia: Leandro Filloy<br \/>\nArt Director: Muriel Rani<br \/>\nPostproducci\u00f3n: Philippe Laridan (Rita)<br \/>\nCliente<br \/>\nDirectora de Marketing: Mac\u00f3 Estebanez,<br \/>\nBrand Manager Sr: Josefina Risso Patr\u00f3n,<br \/>\nBrand Manager Jr:  Mariano Berlin<\/p>\n<p>Fuente: Dossiernet.com.ar<\/p>\n","protected":false},"excerpt":{"rendered":"<p>Publicidad en Argentina | Vital, la marca con mayor trayectoria en Argentina de Nutricia Bag\u00f3, present\u00f3 su nuevo comercial para Vital 3, acompa\u00f1ando el lanzamiento de su nueva f\u00f3rmula. El nuevo comercial busca concientizar a las mam\u00e1s acerca de la importancia de incentivar el desarrollo de sus hijos en cada etapa. El nuevo Vital 3 [&hellip;]<\/p>\n","protected":false},"author":1,"featured_media":0,"comment_status":"open","ping_status":"open","sticky":false,"template":"","format":"standard","meta":{"_jetpack_memberships_contains_paid_content":false,"footnotes":""},"categories":[25],"tags":[22,38,256],"class_list":["post-259","post","type-post","status-publish","format-standard","hentry","category-publicidad","tag-ficha-tecnica","tag-publicidad-2","tag-vital-3"],"jetpack_featured_media_url":"","jetpack_sharing_enabled":true,"_links":{"self":[{"href":"https:\/\/leomuniz.com.ar\/blog\/wp-json\/wp\/v2\/posts\/259","targetHints":{"allow":["GET"]}}],"collection":[{"href":"https:\/\/leomuniz.com.ar\/blog\/wp-json\/wp\/v2\/posts"}],"about":[{"href":"https:\/\/leomuniz.com.ar\/blog\/wp-json\/wp\/v2\/types\/post"}],"author":[{"embeddable":true,"href":"https:\/\/leomuniz.com.ar\/blog\/wp-json\/wp\/v2\/users\/1"}],"replies":[{"embeddable":true,"href":"https:\/\/leomuniz.com.ar\/blog\/wp-json\/wp\/v2\/comments?post=259"}],"version-history":[{"count":0,"href":"https:\/\/leomuniz.com.ar\/blog\/wp-json\/wp\/v2\/posts\/259\/revisions"}],"wp:attachment":[{"href":"https:\/\/leomuniz.com.ar\/blog\/wp-json\/wp\/v2\/media?parent=259"}],"wp:term":[{"taxonomy":"category","embeddable":true,"href":"https:\/\/leomuniz.com.ar\/blog\/wp-json\/wp\/v2\/categories?post=259"},{"taxonomy":"post_tag","embeddable":true,"href":"https:\/\/leomuniz.com.ar\/blog\/wp-json\/wp\/v2\/tags?post=259"}],"curies":[{"name":"wp","href":"https:\/\/api.w.org\/{rel}","templated":true}]}}