{"id":3492,"date":"2016-04-28T15:18:45","date_gmt":"2016-04-28T15:18:45","guid":{"rendered":"http:\/\/leomuniz.com.ar\/blog\/?p=3492"},"modified":"2016-04-28T15:18:45","modified_gmt":"2016-04-28T15:18:45","slug":"publicidad-yogurisimo-si-no-desayunas-bien-te-desayunan","status":"publish","type":"post","link":"https:\/\/leomuniz.com.ar\/blog\/publicidad-yogurisimo-si-no-desayunas-bien-te-desayunan\/","title":{"rendered":"Publicidad: Yogur\u00edsimo, si no desayun\u00e1s bien, te desayunan"},"content":{"rendered":"<p>Publicidad en Argentina | Yogur\u00edsimo presenta su nuevo comercial protagonizado por Carlitos Tevez acentuando la idea que si no desayun\u00e1s bien, te desayunan.<\/p>\n<p><iframe title=\"Yogur\u00edsimo - Si no desayun\u00e1s bien, te desayunan\" width=\"800\" height=\"450\" src=\"https:\/\/www.youtube.com\/embed\/Qz4AACfSKFc?feature=oembed\" frameborder=\"0\" allow=\"accelerometer; autoplay; clipboard-write; encrypted-media; gyroscope; picture-in-picture\" allowfullscreen><\/iframe> <\/p>\n<p>Ficha t\u00e9cnica:<br \/>\nAgencia: Young &#038; Rubicam<br \/>\nAnunciante: Danone Argentina S.A.<br \/>\nResponsable por el anunciante: Guillermo Schulte (Dir. Marketing, Media &#038; Health Affairs), Paola Valverde (Sr Brand Manager Yogur\u00edsimo)<br \/>\nDGCs: Fernando Tchechenistky \u2013 Lisandro Grandal<br \/>\nDC: Juli\u00e1n Carrera<br \/>\nDA: Giovana Fazio &#8211; Dami\u00e1n Palopoli<br \/>\nRedactor: Santiago Ledesma<br \/>\nDirectora General de Cuentas: Mariana Iesulauro<br \/>\nDirector de Cuentas: Mariano Defelipe<br \/>\nSupervisor de Cuentas: Celeste Cursach<br \/>\nCuentas: Felicitas Zundel &#8211; Josefina Lodi<br \/>\nProductor por agencia: Santiago Ernesto<br \/>\nProductora: Mufilms<br \/>\nDirector: Fatty Iastrebner<br \/>\nProductor Ejecutivo: Guido Rutemberg<br \/>\nProductor: Leo Muriel<br \/>\nCoordinador de Post: Jaqueline Eckerdt<br \/>\nProductora de sonido: Animal Music<br \/>\nDF: Cristian Cottet y Sol Lopatin<br \/>\nPostproducci\u00f3n: LemonDrop<br \/>\nDir Arte: Pablo Fernandez<br \/>\n<strong>Locutor<\/strong>: Sebasti\u00e1n Costa<br \/>\nVestuario: Mariana Seropian<br \/>\nMuralista: Emiliano Mariani<br \/>\nFuente: Dossiernet<\/p>\n","protected":false},"excerpt":{"rendered":"<p>Publicidad en Argentina | Yogur\u00edsimo presenta su nuevo comercial protagonizado por Carlitos Tevez acentuando la idea que si no desayun\u00e1s bien, te desayunan. Ficha t\u00e9cnica: Agencia: Young &#038; Rubicam Anunciante: Danone Argentina S.A. Responsable por el anunciante: Guillermo Schulte (Dir. Marketing, Media &#038; Health Affairs), Paola Valverde (Sr Brand Manager Yogur\u00edsimo) DGCs: Fernando Tchechenistky \u2013 [&hellip;]<\/p>\n","protected":false},"author":1,"featured_media":0,"comment_status":"open","ping_status":"open","sticky":false,"template":"","format":"standard","meta":{"_jetpack_memberships_contains_paid_content":false,"footnotes":""},"categories":[25],"tags":[1355,46,1356,1452,11,103,43,44,36,38,284,1516,166,1517],"class_list":["post-3492","post","type-post","status-publish","format-standard","hentry","category-publicidad","tag--agencia","tag--ficha-tecnica","tag--propaganda","tag-1452","tag-argentina","tag-buenos-aires","tag-comercial","tag-commercial","tag-locutor","tag-publicidad-2","tag-television","tag-tevez","tag-video","tag-yogurisimo"],"jetpack_featured_media_url":"","jetpack_sharing_enabled":true,"_links":{"self":[{"href":"https:\/\/leomuniz.com.ar\/blog\/wp-json\/wp\/v2\/posts\/3492","targetHints":{"allow":["GET"]}}],"collection":[{"href":"https:\/\/leomuniz.com.ar\/blog\/wp-json\/wp\/v2\/posts"}],"about":[{"href":"https:\/\/leomuniz.com.ar\/blog\/wp-json\/wp\/v2\/types\/post"}],"author":[{"embeddable":true,"href":"https:\/\/leomuniz.com.ar\/blog\/wp-json\/wp\/v2\/users\/1"}],"replies":[{"embeddable":true,"href":"https:\/\/leomuniz.com.ar\/blog\/wp-json\/wp\/v2\/comments?post=3492"}],"version-history":[{"count":0,"href":"https:\/\/leomuniz.com.ar\/blog\/wp-json\/wp\/v2\/posts\/3492\/revisions"}],"wp:attachment":[{"href":"https:\/\/leomuniz.com.ar\/blog\/wp-json\/wp\/v2\/media?parent=3492"}],"wp:term":[{"taxonomy":"category","embeddable":true,"href":"https:\/\/leomuniz.com.ar\/blog\/wp-json\/wp\/v2\/categories?post=3492"},{"taxonomy":"post_tag","embeddable":true,"href":"https:\/\/leomuniz.com.ar\/blog\/wp-json\/wp\/v2\/tags?post=3492"}],"curies":[{"name":"wp","href":"https:\/\/api.w.org\/{rel}","templated":true}]}}