{"id":411,"date":"2013-05-08T19:40:45","date_gmt":"2013-05-08T19:40:45","guid":{"rendered":"http:\/\/leomuniz.com.ar\/blog\/?p=411"},"modified":"2025-09-04T15:52:59","modified_gmt":"2025-09-04T18:52:59","slug":"publicidad-likestar-de-fibertel","status":"publish","type":"post","link":"https:\/\/leomuniz.com.ar\/blog\/publicidad-likestar-de-fibertel\/","title":{"rendered":"Publicidad: LikeStar de Fibertel"},"content":{"rendered":"<p>Publicidad en Argentina | <strong>Fibertel<\/strong> presenta \u201c<strong>LikeStar<\/strong>\u201d, la nueva campa\u00f1a desarrollada por la agencia de publicidad<strong> Don<\/strong>, para el D\u00eda Internacional de Internet Por quinto a\u00f1o consecutivo.<br \/>\nEl 17 de mayo, D\u00eda Internacional de Internet, se convirti\u00f3 ya en un cl\u00e1sico de <strong>Fibertel<\/strong> para presentar una de las acciones m\u00e1s importantes del a\u00f1o. El equipo de marketing encabezado por Alejandro Sobrino y Mart\u00edn Pezza, junto al equipo de Don integrado por Pap\u00f3n Ricciarelli, Gonzalo Ricca, Juan Rezz\u00f3nico, Ver\u00f3nica Mauri y Carolina Bertrand, idearon diferentes acciones con el fin de consolidar a la marca como l\u00edder en su categor\u00eda. Aqu\u00ed los cuatro spots televisivos de la campa\u00f1a con la locuci\u00f3n de Alejandro Nagy.<\/p>\n<p><iframe title=\"Fibertel - Likestar\" width=\"800\" height=\"450\" src=\"https:\/\/www.youtube.com\/embed\/eeTIjDbR398?feature=oembed\" frameborder=\"0\" allow=\"accelerometer; autoplay; clipboard-write; encrypted-media; gyroscope; picture-in-picture\" allowfullscreen><\/iframe><\/p>\n<p><iframe title=\"Fibertel - Likestar Asi\" width=\"800\" height=\"450\" src=\"https:\/\/www.youtube.com\/embed\/VQUyWQiQ0-Y?feature=oembed\" frameborder=\"0\" allow=\"accelerometer; autoplay; clipboard-write; encrypted-media; gyroscope; picture-in-picture\" allowfullscreen><\/iframe><\/p>\n<p><iframe title=\"Fibertel - Likestar Com\" width=\"800\" height=\"450\" src=\"https:\/\/www.youtube.com\/embed\/RKIy_axui3Y?feature=oembed\" frameborder=\"0\" allow=\"accelerometer; autoplay; clipboard-write; encrypted-media; gyroscope; picture-in-picture\" allowfullscreen><\/iframe><\/p>\n<p><iframe title=\"Fibertel - Likestar Maq\" width=\"800\" height=\"450\" src=\"https:\/\/www.youtube.com\/embed\/Wl6xnoeuXDg?feature=oembed\" frameborder=\"0\" allow=\"accelerometer; autoplay; clipboard-write; encrypted-media; gyroscope; picture-in-picture\" allowfullscreen><\/iframe><\/p>\n<p>Ficha t\u00e9cnica:<br \/>\nCliente: Cablevisi\u00f3n<br \/>\nProducto: Fibertel<br \/>\nAgencia: <a href=\"https:\/\/donagencia.com\/\" target=\"_blank\" rel=\"\u201dnofollow\u201d\" rel=\"nofollow\">Don<\/a><br \/>\nT\u00edtulo: Likestar<br \/>\nDirector general creativo: Papon Ricciarelli\/ Gonzalo Ricca<br \/>\nDirector creativo: Juan Rezz\u00f3nico<br \/>\nRedactor: Rodrigo Greco\/ Tom\u00e1s O\u00b4Gorman<br \/>\nDirector de arte: Mariano Gamba\/ Guillermo Aliaga Pueyrredon<br \/>\nDirector de cuentas: Carolina Bertrand<br \/>\nSupervisora de cuentas: Mumi Miret<br \/>\nEjecutiva de Cuentas: Mercedes Castellani<br \/>\nDirector de producci\u00f3n audiovisual: Carlos Pelu Cavaciocchi<br \/>\nProducci\u00f3n por agencia: Hernan &#8220;Primo&#8221; Mouri\u00f1o<br \/>\nProductora: <a href=\"https:\/\/www.rebolucion.com\" target=\"_blank\" rel=\"\u201dnofollow\u201d\" rel=\"nofollow\">Reboluci\u00f3n<\/a><br \/>\nProductor ejecutivo: Patricio Alvarez Casado<br \/>\nProductor: Marcelo Dovidio<br \/>\nDirector: Andres Salmoyraghi<br \/>\nPostproducci\u00f3n: Da Ocho<br \/>\nCoordinador de Post: Valentina Garcia Austt<br \/>\nSonido: <a href=\"https:\/\/www.portaestudio.tv\/\" target=\"_blank\" rel=\"nofollow\">Porta Estudio<\/a><br \/>\nLocutor: Alejandro Nagy<br \/>\nBanda musical: <a href=\"https:\/\/www.ccci.com.ar\" target=\"_blank\" rel=\"\u201dnofollow\u201d\" rel=\"nofollow\">CCCI<\/a><br \/>\nFot\u00f3grafo: Leonardo Hermo<br \/>\nCoordinador General: Mariano Ricciarelli<br \/>\nResponsables por el cliente: Alejandro Sobrino \/ Mart\u00edn Pezza \/ Romina Bonavita \/ Paula Dupont<br \/>\nFuente: <a href=\"https:\/\/www.dossiernet.com.ar\/\" target=\"_blank\" rel=\u201dnofollow\u201d rel=\"nofollow\">Dossiernet.com.ar<\/a><\/p>\n","protected":false},"excerpt":{"rendered":"<p>Publicidad en Argentina | Fibertel presenta \u201cLikeStar\u201d, la nueva campa\u00f1a desarrollada por la agencia de publicidad Don, para el D\u00eda Internacional de Internet Por quinto a\u00f1o consecutivo. El 17 de mayo, D\u00eda Internacional de Internet, se convirti\u00f3 ya en un cl\u00e1sico de Fibertel para presentar una de las acciones m\u00e1s importantes del a\u00f1o. El equipo [&hellip;]<\/p>\n","protected":false},"author":1,"featured_media":0,"comment_status":"open","ping_status":"open","sticky":false,"template":"","format":"standard","meta":{"_jetpack_memberships_contains_paid_content":false,"footnotes":""},"categories":[25],"tags":[22,312,313,130,36,314],"class_list":["post-411","post","type-post","status-publish","format-standard","hentry","category-publicidad","tag-ficha-tecnica","tag-likestar","tag-likestar-de-fibertel","tag-locucion","tag-locutor","tag-publicidad-fibertel"],"jetpack_featured_media_url":"","jetpack_sharing_enabled":true,"_links":{"self":[{"href":"https:\/\/leomuniz.com.ar\/blog\/wp-json\/wp\/v2\/posts\/411","targetHints":{"allow":["GET"]}}],"collection":[{"href":"https:\/\/leomuniz.com.ar\/blog\/wp-json\/wp\/v2\/posts"}],"about":[{"href":"https:\/\/leomuniz.com.ar\/blog\/wp-json\/wp\/v2\/types\/post"}],"author":[{"embeddable":true,"href":"https:\/\/leomuniz.com.ar\/blog\/wp-json\/wp\/v2\/users\/1"}],"replies":[{"embeddable":true,"href":"https:\/\/leomuniz.com.ar\/blog\/wp-json\/wp\/v2\/comments?post=411"}],"version-history":[{"count":4,"href":"https:\/\/leomuniz.com.ar\/blog\/wp-json\/wp\/v2\/posts\/411\/revisions"}],"predecessor-version":[{"id":9691,"href":"https:\/\/leomuniz.com.ar\/blog\/wp-json\/wp\/v2\/posts\/411\/revisions\/9691"}],"wp:attachment":[{"href":"https:\/\/leomuniz.com.ar\/blog\/wp-json\/wp\/v2\/media?parent=411"}],"wp:term":[{"taxonomy":"category","embeddable":true,"href":"https:\/\/leomuniz.com.ar\/blog\/wp-json\/wp\/v2\/categories?post=411"},{"taxonomy":"post_tag","embeddable":true,"href":"https:\/\/leomuniz.com.ar\/blog\/wp-json\/wp\/v2\/tags?post=411"}],"curies":[{"name":"wp","href":"https:\/\/api.w.org\/{rel}","templated":true}]}}