{"id":5633,"date":"2020-04-17T12:19:35","date_gmt":"2020-04-17T15:19:35","guid":{"rendered":"https:\/\/leomuniz.com.ar\/blog\/?p=5633"},"modified":"2025-09-04T15:47:42","modified_gmt":"2025-09-04T18:47:42","slug":"publicidad-la-cuarente-segun-aime","status":"publish","type":"post","link":"https:\/\/leomuniz.com.ar\/blog\/publicidad-la-cuarente-segun-aime\/","title":{"rendered":"Publicidad: La cuarent\u00e9 seg\u00fan Aim\u00e9"},"content":{"rendered":"<p>Publicidad en Argentina | En tiempos de aislamiento obligatorio, Aim\u00e9 de Ruca Malen vuelve con su tono descontracturado a enfocar los micromundos de la cuarentena.<\/p>\n<p><iframe title=\"Aim\u00e9 - La cuarent\u00e9\" width=\"800\" height=\"450\" src=\"https:\/\/www.youtube.com\/embed\/pmkd-cMtL5M?feature=oembed\" frameborder=\"0\" allow=\"accelerometer; autoplay; clipboard-write; encrypted-media; gyroscope; picture-in-picture\" allowfullscreen><\/iframe><\/p>\n<p>En el comercial creado por la agencia <a href=\"https:\/\/leomuniz.com.ar\/blog\/publicidad-coca-cola-frases-argentinas\/\" rel=\"noopener\">Grey Argentina<\/a>, destaca que m\u00e1s all\u00e1 de los desaf\u00edos que nos trae estar confinados entre cuatro paredes, al final del d\u00eda siempre podemos poner el acento en lo que nos hace bien, y eso hoy es quedarse en casa para cuidarnos entre todos.<\/p>\n<p>Ficha t\u00e9cnica<br \/>\nAnunciante: Molinos<br \/>\n<a href=\"https:\/\/www.grey.com\/es-la\/argentina\/\" target=\"_blank\" rel=\"noopener noreferrer nofollow\">Agencia: Grey Argentina<\/a><br \/>\nPresidente &#8211; CCO Latam: Diego Medvedocky<br \/>\nChief Creative Officer: Hern\u00e1n Kritzer \/ Alejandro Devoto \/ Lisandro Cardozo<br \/>\nVP Client Services: Jorge Villar<br \/>\nDirectora de Cuentas: Mariana Fryd<br \/>\nEjecutiva de cuentas: Julieta Brandi<br \/>\nJefe de Producci\u00f3n: Pablo Molina<br \/>\n<a href=\"https:\/\/www.rebolucion.com\" target=\"_blank\" rel=\"noopener noreferrer nofollow\">Productora: Rebolucion<\/a><br \/>\nDirector: Luis Aguer<br \/>\nProductor ejecutivo: Tomas Perez Silva \/ Santiago Aicardi<br \/>\nProductora: Lula Meliche<br \/>\nPost producci\u00f3n de sonido: Portaestudio<br \/>\nRealizaci\u00f3n <a href=\"https:\/\/papamusic.tv\/\" target=\"_blank\" rel=\"noopener noreferrer nofollow\">banda: Papa Music<\/a><br \/>\nColorista: Anah\u00ed Piccinin<br \/>\nResponsables por cliente: Ezequiel Acosta, Delfina D&#8217;Alessandro, Candelaria Trucco<\/p>\n<p>&nbsp;<\/p>\n<p>#Publicidad #pandemia #coronavisrus #cuarentena #confinamiento<\/p>\n","protected":false},"excerpt":{"rendered":"<p>Publicidad en Argentina | En tiempos de aislamiento obligatorio, Aim\u00e9 de Ruca Malen vuelve con su tono descontracturado a enfocar los micromundos de la cuarentena. En el comercial creado por la agencia Grey Argentina, destaca que m\u00e1s all\u00e1 de los desaf\u00edos que nos trae estar confinados entre cuatro paredes, al final del d\u00eda siempre podemos [&hellip;]<\/p>\n","protected":false},"author":1,"featured_media":0,"comment_status":"open","ping_status":"open","sticky":false,"template":"","format":"standard","meta":{"_jetpack_memberships_contains_paid_content":false,"footnotes":""},"categories":[25],"tags":[2107,2157,2141,2158,2156,38],"class_list":["post-5633","post","type-post","status-publish","format-standard","hentry","category-publicidad","tag-2107","tag-confinamiento","tag-coronavirus","tag-covid-19","tag-cuarentena","tag-publicidad-2"],"jetpack_featured_media_url":"","jetpack_sharing_enabled":true,"_links":{"self":[{"href":"https:\/\/leomuniz.com.ar\/blog\/wp-json\/wp\/v2\/posts\/5633","targetHints":{"allow":["GET"]}}],"collection":[{"href":"https:\/\/leomuniz.com.ar\/blog\/wp-json\/wp\/v2\/posts"}],"about":[{"href":"https:\/\/leomuniz.com.ar\/blog\/wp-json\/wp\/v2\/types\/post"}],"author":[{"embeddable":true,"href":"https:\/\/leomuniz.com.ar\/blog\/wp-json\/wp\/v2\/users\/1"}],"replies":[{"embeddable":true,"href":"https:\/\/leomuniz.com.ar\/blog\/wp-json\/wp\/v2\/comments?post=5633"}],"version-history":[{"count":3,"href":"https:\/\/leomuniz.com.ar\/blog\/wp-json\/wp\/v2\/posts\/5633\/revisions"}],"predecessor-version":[{"id":9624,"href":"https:\/\/leomuniz.com.ar\/blog\/wp-json\/wp\/v2\/posts\/5633\/revisions\/9624"}],"wp:attachment":[{"href":"https:\/\/leomuniz.com.ar\/blog\/wp-json\/wp\/v2\/media?parent=5633"}],"wp:term":[{"taxonomy":"category","embeddable":true,"href":"https:\/\/leomuniz.com.ar\/blog\/wp-json\/wp\/v2\/categories?post=5633"},{"taxonomy":"post_tag","embeddable":true,"href":"https:\/\/leomuniz.com.ar\/blog\/wp-json\/wp\/v2\/tags?post=5633"}],"curies":[{"name":"wp","href":"https:\/\/api.w.org\/{rel}","templated":true}]}}