{"id":7173,"date":"2020-11-28T12:00:54","date_gmt":"2020-11-28T15:00:54","guid":{"rendered":"https:\/\/leomuniz.com.ar\/blog\/?p=7173"},"modified":"2025-09-04T16:28:20","modified_gmt":"2025-09-04T19:28:20","slug":"publicidades-protagonizadas-por-diego-maradona","status":"publish","type":"post","link":"https:\/\/leomuniz.com.ar\/blog\/publicidades-protagonizadas-por-diego-maradona\/","title":{"rendered":"Publicidades protagonizadas por Diego Maradona"},"content":{"rendered":"\n<p><strong>Swiss Medical<\/strong>, Argentina (2010)<br>Cuidando al hombre que hay detr\u00e1s de la leyenda<br><\/p>\n\n\n\n<figure class=\"wp-block-embed-youtube wp-block-embed is-type-video is-provider-youtube wp-embed-aspect-4-3 wp-has-aspect-ratio\"><div class=\"wp-block-embed__wrapper\">\n<iframe title=\"Swiss Medical Group - Campa\u00f1a Maradona 2010\" width=\"800\" height=\"600\" src=\"https:\/\/www.youtube.com\/embed\/FJ-DDAL4FUk?feature=oembed\" frameborder=\"0\" allow=\"accelerometer; autoplay; clipboard-write; encrypted-media; gyroscope; picture-in-picture\" allowfullscreen><\/iframe>\n<\/div><\/figure>\n\n\n\n<p><strong>Swiss Medical<\/strong>, Argentina (2010)<\/p>\n\n\n\n<figure class=\"wp-block-embed-youtube wp-block-embed is-type-video is-provider-youtube wp-embed-aspect-16-9 wp-has-aspect-ratio\"><div class=\"wp-block-embed__wrapper\">\n<iframe title=\"Propaganda TV de Maradona para Swiss Medical\" width=\"800\" height=\"450\" src=\"https:\/\/www.youtube.com\/embed\/Nci94emwDFg?feature=oembed\" frameborder=\"0\" allow=\"accelerometer; autoplay; clipboard-write; encrypted-media; gyroscope; picture-in-picture\" allowfullscreen><\/iframe>\n<\/div><\/figure>\n\n\n\n<p><strong>Claro<\/strong>, Argentina (2012)<\/p>\n\n\n\n<figure class=\"wp-block-embed-youtube wp-block-embed is-type-video is-provider-youtube wp-embed-aspect-16-9 wp-has-aspect-ratio\"><div class=\"wp-block-embed__wrapper\">\n<iframe title=\"Publicidad de Claro con Diego Maradona 2012 - www.ticespor.com\" width=\"800\" height=\"450\" src=\"https:\/\/www.youtube.com\/embed\/a5kw45UVnSo?start=7&#038;feature=oembed\" frameborder=\"0\" allow=\"accelerometer; autoplay; clipboard-write; encrypted-media; gyroscope; picture-in-picture\" allowfullscreen><\/iframe>\n<\/div><\/figure>\n\n\n\n<p><strong>Generalitat de Catalunia<\/strong><\/p>\n\n\n\n<p>Publicidad Campa\u00f1a Anti Drogas Diego Armando Maradona (1984)<br><\/p>\n\n\n\n<figure class=\"wp-block-embed-youtube wp-block-embed is-type-video is-provider-youtube wp-embed-aspect-16-9 wp-has-aspect-ratio\"><div class=\"wp-block-embed__wrapper\">\n<iframe title=\"Publicidad Campa\u00f1a Anti Drogas Diego Armando Maradona (1984)\" width=\"800\" height=\"450\" src=\"https:\/\/www.youtube.com\/embed\/Z_DWo_HqXws?feature=oembed\" frameborder=\"0\" allow=\"accelerometer; autoplay; clipboard-write; encrypted-media; gyroscope; picture-in-picture\" allowfullscreen><\/iframe>\n<\/div><\/figure>\n\n\n\n<p><strong>McDonalds<\/strong> Barcelona de 1982<br><\/p>\n\n\n\n<figure class=\"wp-block-embed-youtube wp-block-embed is-type-video is-provider-youtube wp-embed-aspect-16-9 wp-has-aspect-ratio\"><div class=\"wp-block-embed__wrapper\">\n<iframe title=\"MARADONA - McDonald&#039;s commercial\" width=\"800\" height=\"450\" src=\"https:\/\/www.youtube.com\/embed\/dqyTMEP4xm4?feature=oembed\" frameborder=\"0\" allow=\"accelerometer; autoplay; clipboard-write; encrypted-media; gyroscope; picture-in-picture\" allowfullscreen><\/iframe>\n<\/div><\/figure>\n\n\n\n<p><strong>Coca-Cola<\/strong> Espa\u00f1a 1982<\/p>\n\n\n\n<figure class=\"wp-block-embed-youtube wp-block-embed is-type-video is-provider-youtube wp-embed-aspect-4-3 wp-has-aspect-ratio\"><div class=\"wp-block-embed__wrapper\">\n<iframe title=\"Maradona in a Coca Cola commercial from 1982\" width=\"800\" height=\"600\" src=\"https:\/\/www.youtube.com\/embed\/Bl-2NkUrsnU?feature=oembed\" frameborder=\"0\" allow=\"accelerometer; autoplay; clipboard-write; encrypted-media; gyroscope; picture-in-picture\" allowfullscreen><\/iframe>\n<\/div><\/figure>\n\n\n\n<p><br>&nbsp;La Cancha de No\u00e9 <strong>Tecate<\/strong> M\u00e9xico (2016)<\/p>\n\n\n\n<figure class=\"wp-block-embed-youtube wp-block-embed is-type-video is-provider-youtube wp-embed-aspect-16-9 wp-has-aspect-ratio\"><div class=\"wp-block-embed__wrapper\">\n<iframe title=\"Diego Maradona en la publicidad - La Cancha de No\u00e9 Tecate\" width=\"800\" height=\"450\" src=\"https:\/\/www.youtube.com\/embed\/SSy4MHeLYhU?feature=oembed\" frameborder=\"0\" allow=\"accelerometer; autoplay; clipboard-write; encrypted-media; gyroscope; picture-in-picture\" allowfullscreen><\/iframe>\n<\/div><\/figure>\n\n\n\n<p><strong>Antarctica &#8211; Guaran\u00e1<\/strong>.  Brasil (2006),  y la pesadilla de Maradona<\/p>\n\n\n\n<figure class=\"wp-block-embed-youtube wp-block-embed is-type-video is-provider-youtube wp-embed-aspect-4-3 wp-has-aspect-ratio\"><div class=\"wp-block-embed__wrapper\">\n<iframe title=\"\u00a1La pesadilla de Maradona!\" width=\"800\" height=\"600\" src=\"https:\/\/www.youtube.com\/embed\/Xrj0yH3S2Gw?feature=oembed\" frameborder=\"0\" allow=\"accelerometer; autoplay; clipboard-write; encrypted-media; gyroscope; picture-in-picture\" allowfullscreen><\/iframe>\n<\/div><\/figure>\n\n\n\n<p><strong>Puma<\/strong> (2014)<\/p>\n\n\n\n<p>Diego Maradona es uno de los embajadores deportivos por Puma para denunciar la violencia, el racismo y la discriminaci\u00f3n en el mundo del deporte.<\/p>\n\n\n\n<p>En la campa\u00f1a&nbsp;<strong>Diego Armando Maradona<\/strong>, como Lothar Matth\u00e4us, Marinta Navratilova, Guillermo Vilas, y Tommie Smith, las leyendas que van dando paso a muevas generaciones de deportistas como Usain Bolt, Sergio Ag\u00fcero o Mario Balotelli, todos sumados a la causa que embandera Puma.<\/p>\n\n\n\n<figure class=\"wp-block-embed-youtube wp-block-embed is-type-video is-provider-youtube wp-embed-aspect-16-9 wp-has-aspect-ratio\"><div class=\"wp-block-embed__wrapper\">\n<iframe title=\"Fight4Fairness - Puma lanza nuevo comercial con Maradona y Mathaus\" width=\"800\" height=\"450\" src=\"https:\/\/www.youtube.com\/embed\/EwWFFQtkRe0?feature=oembed\" frameborder=\"0\" allow=\"accelerometer; autoplay; clipboard-write; encrypted-media; gyroscope; picture-in-picture\" allowfullscreen><\/iframe>\n<\/div><\/figure>\n\n\n\n<p><br><strong>Direct TV.  <\/strong>Argentina. Corea &#8211; Jap\u00f3n 2002<\/p>\n\n\n\n<p>En &#8220;Duende&#8221; el comercial de Direct TV anunciando la transmisi\u00f3n del Mundial Corea &#8211; Jap\u00f3n 2002, &nbsp;Diego Maradona siente la misi\u00f3n de despertar a los argentinos para alentar a la selecci\u00f3n.<br><\/p>\n\n\n\n<figure class=\"wp-block-embed-youtube wp-block-embed is-type-video is-provider-youtube wp-embed-aspect-4-3 wp-has-aspect-ratio\"><div class=\"wp-block-embed__wrapper\">\n<iframe title=\"&quot;Duende&quot; Publicidad Maradona, Direct TV. Copa Mundial Corea - Japon 2002\" width=\"800\" height=\"600\" src=\"https:\/\/www.youtube.com\/embed\/zOT3Ps0-LqE?feature=oembed\" frameborder=\"0\" allow=\"accelerometer; autoplay; clipboard-write; encrypted-media; gyroscope; picture-in-picture\" allowfullscreen><\/iframe>\n<\/div><\/figure>\n\n\n\n<p><\/p>\n\n\n\n<p><strong>Quilmes. <\/strong>Argentina (2002). Corea &#8211; Jap\u00f3n 2002.<br>Diego Maradona como un hincha m\u00e1s de la selecci\u00f3n.<\/p>\n\n\n\n<figure class=\"wp-block-embed-youtube wp-block-embed is-type-video is-provider-youtube wp-embed-aspect-4-3 wp-has-aspect-ratio\"><div class=\"wp-block-embed__wrapper\">\n<iframe title=\"Publicidad Cerveza Quilmes, Maradona (Mayo 2002)\" width=\"800\" height=\"600\" src=\"https:\/\/www.youtube.com\/embed\/CJBRDQSqL28?feature=oembed\" frameborder=\"0\" allow=\"accelerometer; autoplay; clipboard-write; encrypted-media; gyroscope; picture-in-picture\" allowfullscreen><\/iframe>\n<\/div><\/figure>\n\n\n\n<p><strong>Quilmes, <\/strong>Argentina (2006) Mundial de f\u00fatbol de Alemania<br><\/p>\n\n\n\n<figure class=\"wp-block-embed-youtube wp-block-embed is-type-video is-provider-youtube wp-embed-aspect-4-3 wp-has-aspect-ratio\"><div class=\"wp-block-embed__wrapper\">\n<iframe title=\"Promo Quilmes Mundial- No me arrepiento de este amor\" width=\"800\" height=\"600\" src=\"https:\/\/www.youtube.com\/embed\/eHKUCcck02A?feature=oembed\" frameborder=\"0\" allow=\"accelerometer; autoplay; clipboard-write; encrypted-media; gyroscope; picture-in-picture\" allowfullscreen><\/iframe>\n<\/div><\/figure>\n\n\n\n<p>&#8220;Poltrona Maradona&#8221; &#8211; <strong>Bom Neg\u00f3cio<\/strong>, Classificados Gr\u00e1tis &#8211; Brasil<\/p>\n\n\n\n<figure class=\"wp-block-embed-youtube wp-block-embed is-type-video is-provider-youtube wp-embed-aspect-16-9 wp-has-aspect-ratio\"><div class=\"wp-block-embed__wrapper\">\n<iframe title=\"Comercial &quot;Poltrona Maradona&quot; - Bom Neg\u00f3cio, Classificados Gr\u00e1tis\" width=\"800\" height=\"450\" src=\"https:\/\/www.youtube.com\/embed\/f256QgiVARQ?feature=oembed\" frameborder=\"0\" allow=\"accelerometer; autoplay; clipboard-write; encrypted-media; gyroscope; picture-in-picture\" allowfullscreen><\/iframe>\n<\/div><\/figure>\n","protected":false},"excerpt":{"rendered":"<p>Swiss Medical, Argentina (2010)Cuidando al hombre que hay detr\u00e1s de la leyenda Swiss Medical, Argentina (2010) Claro, Argentina (2012) Generalitat de Catalunia Publicidad Campa\u00f1a Anti Drogas Diego Armando Maradona (1984) McDonalds Barcelona de 1982 Coca-Cola Espa\u00f1a 1982 &nbsp;La Cancha de No\u00e9 Tecate M\u00e9xico (2016) Antarctica &#8211; Guaran\u00e1. Brasil (2006), y la pesadilla de Maradona Puma [&hellip;]<\/p>\n","protected":false},"author":1,"featured_media":0,"comment_status":"open","ping_status":"open","sticky":false,"template":"","format":"standard","meta":{"_jetpack_memberships_contains_paid_content":false,"footnotes":""},"categories":[25],"tags":[2181,2180,2177,2182,2179],"class_list":["post-7173","post","type-post","status-publish","format-standard","hentry","category-publicidad","tag-avisos","tag-comerciales","tag-diego-maradona","tag-propogandas","tag-publicidades"],"jetpack_featured_media_url":"","jetpack_sharing_enabled":true,"_links":{"self":[{"href":"https:\/\/leomuniz.com.ar\/blog\/wp-json\/wp\/v2\/posts\/7173","targetHints":{"allow":["GET"]}}],"collection":[{"href":"https:\/\/leomuniz.com.ar\/blog\/wp-json\/wp\/v2\/posts"}],"about":[{"href":"https:\/\/leomuniz.com.ar\/blog\/wp-json\/wp\/v2\/types\/post"}],"author":[{"embeddable":true,"href":"https:\/\/leomuniz.com.ar\/blog\/wp-json\/wp\/v2\/users\/1"}],"replies":[{"embeddable":true,"href":"https:\/\/leomuniz.com.ar\/blog\/wp-json\/wp\/v2\/comments?post=7173"}],"version-history":[{"count":8,"href":"https:\/\/leomuniz.com.ar\/blog\/wp-json\/wp\/v2\/posts\/7173\/revisions"}],"predecessor-version":[{"id":7212,"href":"https:\/\/leomuniz.com.ar\/blog\/wp-json\/wp\/v2\/posts\/7173\/revisions\/7212"}],"wp:attachment":[{"href":"https:\/\/leomuniz.com.ar\/blog\/wp-json\/wp\/v2\/media?parent=7173"}],"wp:term":[{"taxonomy":"category","embeddable":true,"href":"https:\/\/leomuniz.com.ar\/blog\/wp-json\/wp\/v2\/categories?post=7173"},{"taxonomy":"post_tag","embeddable":true,"href":"https:\/\/leomuniz.com.ar\/blog\/wp-json\/wp\/v2\/tags?post=7173"}],"curies":[{"name":"wp","href":"https:\/\/api.w.org\/{rel}","templated":true}]}}