{"id":7311,"date":"2021-11-30T15:08:41","date_gmt":"2021-11-30T18:08:41","guid":{"rendered":"https:\/\/leomuniz.com.ar\/blog\/?p=7311"},"modified":"2021-11-30T15:08:42","modified_gmt":"2021-11-30T18:08:42","slug":"publicidad-ypf-esto-es-full","status":"publish","type":"post","link":"https:\/\/leomuniz.com.ar\/blog\/publicidad-ypf-esto-es-full\/","title":{"rendered":"Publicidad: YPF, esto es Full"},"content":{"rendered":"\n<p>Publicidad en Argentina | YPF FULL celebra los 670 puntos a lo largo y ancho de todo el pa\u00eds, y la inauguraci\u00f3n de su primer Full Caf\u00e9 Premium .<\/p>\n\n\n\n<figure class=\"wp-block-embed-youtube wp-block-embed is-type-video is-provider-youtube wp-embed-aspect-16-9 wp-has-aspect-ratio\"><div class=\"wp-block-embed__wrapper\">\n<iframe title=\"YPF Esto es Full ON THE GO\" width=\"800\" height=\"450\" src=\"https:\/\/www.youtube.com\/embed\/Ppk4f_hPpbQ?feature=oembed\" frameborder=\"0\" allow=\"accelerometer; autoplay; clipboard-write; encrypted-media; gyroscope; picture-in-picture\" allowfullscreen><\/iframe>\n<\/div><\/figure>\n\n\n\n<figure class=\"wp-block-embed-youtube wp-block-embed is-type-video is-provider-youtube wp-embed-aspect-16-9 wp-has-aspect-ratio\"><div class=\"wp-block-embed__wrapper\">\n<iframe title=\"YPF Esto es Full CAFE\" width=\"800\" height=\"450\" src=\"https:\/\/www.youtube.com\/embed\/79Rpp5fCuy8?feature=oembed\" frameborder=\"0\" allow=\"accelerometer; autoplay; clipboard-write; encrypted-media; gyroscope; picture-in-picture\" allowfullscreen><\/iframe>\n<\/div><\/figure>\n\n\n\n<p>Ficha T\u00e9cnica:<\/p>\n\n\n\n<p>Anunciante:<a href=\"https:\/\/leomuniz.com.ar\/blog\/?s=YPF\" target=\"_blank\" rel=\"noreferrer noopener nofollow\"> YPF<\/a><br>Agencia: <a href=\"https:\/\/www.mercadomccann.com\" target=\"_blank\" rel=\"noreferrer noopener nofollow\">Mercado McCann<\/a><br>Directores Generales Creativos : Juan Pablo Lufrano &#8211; Nicol\u00e1s Massimino<br>Directores Creativos: Cristian Tarzi &#8211; Barbara Gedacht<br>Head of Art: Alejandro Isturiz<br>Directora General de Cuentas: Lula Concistre<br>Directora de Cuentas: Connie Graziani<br>Ejecutivo de Cuentas: Gonzalo Diegoli<br>Jefe de producci\u00f3n: Agust\u00edn Borgognoni<br>Productora: Clara G\u00f3mez Suaiter<br>Productora: <a href=\"http:\/\/virgenfilms.com\" target=\"_blank\" rel=\"noreferrer noopener nofollow\">Virgen Films<\/a><br>Director: Guillermo Madurga<br>Director 2 U. : Franco Dupuy<br>Productor ejecutivo: Martin de Escalada \/ Diego Peskins<br>Productores: Juan Curcio \/ Veronica Villar<br>Postproductor: Toto Stellacci<br>Editor: Javier Falchi<br>Color: Tom\u00e1s Ridilenir<br>Director de Fotograf\u00eda: Santiago Castillo<br>Estudio de Sonido: <a href=\"http:\/\/www.portaestudio.tv\" target=\"_blank\" rel=\"noreferrer noopener nofollow\">Porta<\/a><br>Banda musical: <a href=\"https:\/\/papamusic.tv\" target=\"_blank\" rel=\"noreferrer noopener nofollow\">Papa Music<\/a><br><strong>Locutor: <\/strong>Gonzalo Rebollo<\/p>\n","protected":false},"excerpt":{"rendered":"<p>Publicidad en Argentina | YPF FULL celebra los 670 puntos a lo largo y ancho de todo el pa\u00eds, y la inauguraci\u00f3n de su primer Full Caf\u00e9 Premium . Ficha T\u00e9cnica: Anunciante: YPFAgencia: Mercado McCannDirectores Generales Creativos : Juan Pablo Lufrano &#8211; Nicol\u00e1s MassiminoDirectores Creativos: Cristian Tarzi &#8211; Barbara GedachtHead of Art: Alejandro IsturizDirectora General [&hellip;]<\/p>\n","protected":false},"author":1,"featured_media":0,"comment_status":"open","ping_status":"open","sticky":false,"template":"","format":"standard","meta":{"_jetpack_memberships_contains_paid_content":false,"footnotes":""},"categories":[25],"tags":[2201,11,2207,38,864,2208],"class_list":["post-7311","post","type-post","status-publish","format-standard","hentry","category-publicidad","tag-2201","tag-argentina","tag-full","tag-publicidad-2","tag-ypf","tag-ypf-full"],"jetpack_featured_media_url":"","jetpack_sharing_enabled":true,"_links":{"self":[{"href":"https:\/\/leomuniz.com.ar\/blog\/wp-json\/wp\/v2\/posts\/7311","targetHints":{"allow":["GET"]}}],"collection":[{"href":"https:\/\/leomuniz.com.ar\/blog\/wp-json\/wp\/v2\/posts"}],"about":[{"href":"https:\/\/leomuniz.com.ar\/blog\/wp-json\/wp\/v2\/types\/post"}],"author":[{"embeddable":true,"href":"https:\/\/leomuniz.com.ar\/blog\/wp-json\/wp\/v2\/users\/1"}],"replies":[{"embeddable":true,"href":"https:\/\/leomuniz.com.ar\/blog\/wp-json\/wp\/v2\/comments?post=7311"}],"version-history":[{"count":1,"href":"https:\/\/leomuniz.com.ar\/blog\/wp-json\/wp\/v2\/posts\/7311\/revisions"}],"predecessor-version":[{"id":7314,"href":"https:\/\/leomuniz.com.ar\/blog\/wp-json\/wp\/v2\/posts\/7311\/revisions\/7314"}],"wp:attachment":[{"href":"https:\/\/leomuniz.com.ar\/blog\/wp-json\/wp\/v2\/media?parent=7311"}],"wp:term":[{"taxonomy":"category","embeddable":true,"href":"https:\/\/leomuniz.com.ar\/blog\/wp-json\/wp\/v2\/categories?post=7311"},{"taxonomy":"post_tag","embeddable":true,"href":"https:\/\/leomuniz.com.ar\/blog\/wp-json\/wp\/v2\/tags?post=7311"}],"curies":[{"name":"wp","href":"https:\/\/api.w.org\/{rel}","templated":true}]}}