{"id":818,"date":"2013-06-25T17:00:23","date_gmt":"2013-06-25T17:00:23","guid":{"rendered":"http:\/\/leomuniz.com.ar\/blog\/?p=818"},"modified":"2025-09-04T10:56:14","modified_gmt":"2025-09-04T13:56:14","slug":"publicidad-sona-la-nueva-campana-de-la-cardeuse","status":"publish","type":"post","link":"https:\/\/leomuniz.com.ar\/blog\/publicidad-sona-la-nueva-campana-de-la-cardeuse\/","title":{"rendered":"Publicidad: So\u00f1\u00e1, la nueva campa\u00f1a de La Cardeuse"},"content":{"rendered":"<p>Publicidad en Argentina | <strong>La Cardeuse<\/strong> presenta la nueva campa\u00f1a \u201cSo\u00f1\u00e1\u201d, creada por la agencia de publicidad Mucho con la direcci\u00f3n de Ezequiel Braier con el objetivo de reforzar el posicionamiento de la marca, bajo el concepto \u201cLa calidad supera a la realidad. So\u00f1\u00e1\u201d.<\/p>\n<p><iframe title=\"La Cardeuse - Renata\" width=\"800\" height=\"450\" src=\"https:\/\/www.youtube.com\/embed\/6tJefznUIec?feature=oembed\" frameborder=\"0\" allow=\"accelerometer; autoplay; clipboard-write; encrypted-media; gyroscope; picture-in-picture\" allowfullscreen><\/iframe><\/p>\n<p><iframe title=\"La Cardeuse - Pablo\" width=\"800\" height=\"450\" src=\"https:\/\/www.youtube.com\/embed\/uqjyv8st3j8?feature=oembed\" frameborder=\"0\" allow=\"accelerometer; autoplay; clipboard-write; encrypted-media; gyroscope; picture-in-picture\" allowfullscreen><\/iframe><\/p>\n<p><iframe title=\"La Cardeuse - Marta\" width=\"800\" height=\"450\" src=\"https:\/\/www.youtube.com\/embed\/qHCGR1NTqo4?feature=oembed\" frameborder=\"0\" allow=\"accelerometer; autoplay; clipboard-write; encrypted-media; gyroscope; picture-in-picture\" allowfullscreen><\/iframe><\/p>\n<p><iframe title=\"La Cardeuse - Marcos\" width=\"800\" height=\"450\" src=\"https:\/\/www.youtube.com\/embed\/wfihhpirolo?feature=oembed\" frameborder=\"0\" allow=\"accelerometer; autoplay; clipboard-write; encrypted-media; gyroscope; picture-in-picture\" allowfullscreen><\/iframe><\/p>\n<p><strong>Ficha t\u00e9cnica<\/strong><br \/>\nCampa\u00f1a: So\u00f1\u00e1<br \/>\nAnunciante: Colchones y sommiers La Cardeuse<br \/>\nProducto: La Cardeuse<br \/>\nAgencia:\u00a0Mucho<br \/>\nDirecci\u00f3n General Creativa: Ezequiel Braier<br \/>\nRedacci\u00f3n: Pedro Andragnes y Ezequiel Braier<br \/>\nDirecci\u00f3n de arte: Ezequiel Braier<br \/>\nProducci\u00f3n por la agencia: Mucho<br \/>\nEjecutivo de Cuentas:\u00a0Mucho<br \/>\nCompa\u00f1\u00eda productora:\u00a0<a href=\"http:\/\/www.elciclista.tv\" target=\"_blank\" rel=\u201dnofollow\u201d rel=\"nofollow\">El Ciclista<\/a><br \/>\nProducci\u00f3n general: Leandro Edelstein<br \/>\nDirecci\u00f3n: Pablo Dragovetsky<br \/>\nDirector de Arte: Ignacio Torres<br \/>\nCompa\u00f1\u00eda postproductora: <a href=\"http:\/\/www.elciclista.tv\" target=\"_blank\" rel=\u201dnofollow\u201d rel=\"nofollow\">El Ciclista<\/a><br \/>\nSonido: F\u00e1cil Music<br \/>\nAutorizaci\u00f3n por parte del cliente: ?Pablo Siano \/ Daniel Bottini<\/p>\n<p>Fuente: <a href=\"https:\/\/www.dossiernet.com.ar\" target=\"_blank\" rel=\u201dnofollow\u201d rel=\"nofollow\">Dossiernet<\/a><\/p>\n","protected":false},"excerpt":{"rendered":"<p>Publicidad en Argentina | La Cardeuse presenta la nueva campa\u00f1a \u201cSo\u00f1\u00e1\u201d, creada por la agencia de publicidad Mucho con la direcci\u00f3n de Ezequiel Braier con el objetivo de reforzar el posicionamiento de la marca, bajo el concepto \u201cLa calidad supera a la realidad. So\u00f1\u00e1\u201d. Ficha t\u00e9cnica Campa\u00f1a: So\u00f1\u00e1 Anunciante: Colchones y sommiers La Cardeuse Producto: [&hellip;]<\/p>\n","protected":false},"author":1,"featured_media":0,"comment_status":"open","ping_status":"open","sticky":false,"template":"","format":"standard","meta":{"_jetpack_memberships_contains_paid_content":false,"footnotes":""},"categories":[25],"tags":[208,529,530,531,45,38,532],"class_list":["post-818","post","type-post","status-publish","format-standard","hentry","category-publicidad","tag-208","tag-colchones-y-sommiers-la-cardeuse","tag-la-calidad-supera-a-la-realidad-sona","tag-la-cardeuse","tag-propaganda","tag-publicidad-2","tag-sona"],"jetpack_featured_media_url":"","jetpack_sharing_enabled":true,"_links":{"self":[{"href":"https:\/\/leomuniz.com.ar\/blog\/wp-json\/wp\/v2\/posts\/818","targetHints":{"allow":["GET"]}}],"collection":[{"href":"https:\/\/leomuniz.com.ar\/blog\/wp-json\/wp\/v2\/posts"}],"about":[{"href":"https:\/\/leomuniz.com.ar\/blog\/wp-json\/wp\/v2\/types\/post"}],"author":[{"embeddable":true,"href":"https:\/\/leomuniz.com.ar\/blog\/wp-json\/wp\/v2\/users\/1"}],"replies":[{"embeddable":true,"href":"https:\/\/leomuniz.com.ar\/blog\/wp-json\/wp\/v2\/comments?post=818"}],"version-history":[{"count":3,"href":"https:\/\/leomuniz.com.ar\/blog\/wp-json\/wp\/v2\/posts\/818\/revisions"}],"predecessor-version":[{"id":9404,"href":"https:\/\/leomuniz.com.ar\/blog\/wp-json\/wp\/v2\/posts\/818\/revisions\/9404"}],"wp:attachment":[{"href":"https:\/\/leomuniz.com.ar\/blog\/wp-json\/wp\/v2\/media?parent=818"}],"wp:term":[{"taxonomy":"category","embeddable":true,"href":"https:\/\/leomuniz.com.ar\/blog\/wp-json\/wp\/v2\/categories?post=818"},{"taxonomy":"post_tag","embeddable":true,"href":"https:\/\/leomuniz.com.ar\/blog\/wp-json\/wp\/v2\/tags?post=818"}],"curies":[{"name":"wp","href":"https:\/\/api.w.org\/{rel}","templated":true}]}}