{"id":9133,"date":"2024-10-18T10:29:18","date_gmt":"2024-10-18T13:29:18","guid":{"rendered":"https:\/\/leomuniz.com.ar\/blog\/?p=9133"},"modified":"2025-09-04T16:24:31","modified_gmt":"2025-09-04T19:24:31","slug":"publicidad-acercate-con-cabify","status":"publish","type":"post","link":"https:\/\/leomuniz.com.ar\/blog\/publicidad-acercate-con-cabify\/","title":{"rendered":"Publicidad: Acercate con Cabify"},"content":{"rendered":"\n<p>Cabify, la compa\u00f1\u00eda de movilidad, presenta su campa\u00f1a de marketing global &#8220;Acercate&#8221;, que hace hincapi\u00e9 en la idea de ir hacia esos lugares donde compart\u00eds, disfrutas, te divert\u00eds, y para eso Cabify es la soluci\u00f3n.<\/p>\n\n\n\n<p>Esta campa\u00f1a, con presencia en varios pa\u00edses en los que opera la compa\u00f1\u00eda, como Espa\u00f1a, Chile y Argentina, busca inspirar a las personas a que vayan hacia los lugares para disfrutar, compartir, divertirse.<\/p>\n\n\n\n<figure class=\"wp-block-embed is-type-video is-provider-youtube wp-block-embed-youtube wp-embed-aspect-16-9 wp-has-aspect-ratio\"><div class=\"wp-block-embed__wrapper\">\n<iframe title=\"Acercate con Cabify\" width=\"800\" height=\"450\" src=\"https:\/\/www.youtube.com\/embed\/uKGB-bewFL8?feature=oembed\" frameborder=\"0\" allow=\"accelerometer; autoplay; clipboard-write; encrypted-media; gyroscope; picture-in-picture; web-share\" referrerpolicy=\"strict-origin-when-cross-origin\" allowfullscreen><\/iframe>\n<\/div><\/figure>\n\n\n\n<p>&#8220;Acercate&#8221; trabaja en el nuevo territorio estrat\u00e9gico de comunicaci\u00f3n de la marca que pone de manifiesto lo importante de ir a los lugares, estar, disfrutar las cosas de cerca. Un territorio que quiere catalizar la actitud de las personas, que las ciudades se vean y se sientan en su m\u00e1ximo esplendor.<\/p>\n\n\n\n<p>Este nuevo territorio se basa en cinco pilares fundamentales que se ven reflejados en &#8220;Acercate&#8221;: estrechar el lazo de la marca con los usuarios, resaltar el car\u00e1cter distintivo de Cabify, conectar a las personas est\u00e9n donde est\u00e9n, fomentar el uso de los servicios que ofrece la compa\u00f1\u00eda, y, sobre todo, ser flexibles.<\/p>\n\n\n\n<p>La campa\u00f1a creada por el propio equipo interno de Cabify, se lanza en diferentes fases; la primera en Espa\u00f1a, del 1 al 30 de octubre, seguir\u00e1 Chile, donde dar\u00e1 comienzo el 10 de octubre hasta el 20 de noviembre, y por \u00faltimo Argentina, a partir del 14 de octubre. En 2025 la campa\u00f1a continuar\u00e1 en el resto de pa\u00edses donde opera Cabify.<\/p>\n\n\n\n<p><strong>Ficha t\u00e9cnica<\/strong><br>Cliente: <a href=\"https:\/\/www.cabify.com\" target=\"_blank\" rel=\"nofollow\">Cabify<\/a><br>Campa\u00f1a: &#8220;ac\u00e9rcate&#8221;<br>Directora de la campa\u00f1a en Cabify: Norma Gim\u00e9nez<br>Direcci\u00f3n creativa Cabify: Jose L\u00f3pez y Susana Mart\u00ednez<br>Direcci\u00f3n estrat\u00e9gica Cabify: Elena Puerta y A\u00edda Caba<br>Agencias Creativas: Alma Miami y F\u00e1cil Agencia<br>Agencia de Medios: <a href=\"https:\/\/www.dentsu.com\" target=\"_blank\" rel=\"nofollow\">Dentsu<\/a><br>Productora Audiovisual: <a href=\"https:\/\/davant-garde.com\" target=\"_blank\" rel=\"nofollow\">D\u2019avant-Garde Media<\/a> y <a href=\"https:\/\/www.theproduction.club\" target=\"_blank\" rel=\"nofollow\">The Production Club<\/a><\/p>\n","protected":false},"excerpt":{"rendered":"<p>Cabify, la compa\u00f1\u00eda de movilidad, presenta su campa\u00f1a de marketing global &#8220;Acercate&#8221;, que hace hincapi\u00e9 en la idea de ir hacia esos lugares donde compart\u00eds, disfrutas, te divert\u00eds, y para eso Cabify es la soluci\u00f3n. Esta campa\u00f1a, con presencia en varios pa\u00edses en los que opera la compa\u00f1\u00eda, como Espa\u00f1a, Chile y Argentina, busca inspirar [&hellip;]<\/p>\n","protected":false},"author":1,"featured_media":0,"comment_status":"closed","ping_status":"open","sticky":false,"template":"","format":"standard","meta":{"_jetpack_memberships_contains_paid_content":false,"footnotes":""},"categories":[25],"tags":[2229,2228,38],"class_list":["post-9133","post","type-post","status-publish","format-standard","hentry","category-publicidad","tag-cabify","tag-publcidad-en-argentina","tag-publicidad-2"],"jetpack_featured_media_url":"","jetpack_sharing_enabled":true,"_links":{"self":[{"href":"https:\/\/leomuniz.com.ar\/blog\/wp-json\/wp\/v2\/posts\/9133","targetHints":{"allow":["GET"]}}],"collection":[{"href":"https:\/\/leomuniz.com.ar\/blog\/wp-json\/wp\/v2\/posts"}],"about":[{"href":"https:\/\/leomuniz.com.ar\/blog\/wp-json\/wp\/v2\/types\/post"}],"author":[{"embeddable":true,"href":"https:\/\/leomuniz.com.ar\/blog\/wp-json\/wp\/v2\/users\/1"}],"replies":[{"embeddable":true,"href":"https:\/\/leomuniz.com.ar\/blog\/wp-json\/wp\/v2\/comments?post=9133"}],"version-history":[{"count":1,"href":"https:\/\/leomuniz.com.ar\/blog\/wp-json\/wp\/v2\/posts\/9133\/revisions"}],"predecessor-version":[{"id":9134,"href":"https:\/\/leomuniz.com.ar\/blog\/wp-json\/wp\/v2\/posts\/9133\/revisions\/9134"}],"wp:attachment":[{"href":"https:\/\/leomuniz.com.ar\/blog\/wp-json\/wp\/v2\/media?parent=9133"}],"wp:term":[{"taxonomy":"category","embeddable":true,"href":"https:\/\/leomuniz.com.ar\/blog\/wp-json\/wp\/v2\/categories?post=9133"},{"taxonomy":"post_tag","embeddable":true,"href":"https:\/\/leomuniz.com.ar\/blog\/wp-json\/wp\/v2\/tags?post=9133"}],"curies":[{"name":"wp","href":"https:\/\/api.w.org\/{rel}","templated":true}]}}