{"id":933,"date":"2013-07-11T16:06:56","date_gmt":"2013-07-11T16:06:56","guid":{"rendered":"http:\/\/leomuniz.com.ar\/blog\/?p=933"},"modified":"2025-09-04T15:49:58","modified_gmt":"2025-09-04T18:49:58","slug":"publicidad-buenos-aires-en-todo-estas-vos","status":"publish","type":"post","link":"https:\/\/leomuniz.com.ar\/blog\/publicidad-buenos-aires-en-todo-estas-vos\/","title":{"rendered":"Publicidad: Buenos Aires, en todo estas vos"},"content":{"rendered":"<p>Publicidad en Argentina | La Agencia Don Buenos Aires, presenta la nueva campa\u00f1a para el <strong>Gobierno de la Ciudad de Buenos Aires<\/strong>, \u201c<strong>En todo estas vos<\/strong>\u201d, donde en cada uno de los cuatro comerciales presenta el testimonio de un vecino que participa de los programas sociales entrevistados cara a cara con el propio jefe de gobierno porte\u00f1o.<\/p>\n<p><iframe title=\"Gobierno de la Ciudad de Buenos Aires - Cara a cara (Susana)\" width=\"800\" height=\"450\" src=\"https:\/\/www.youtube.com\/embed\/cNULxEme3IQ?feature=oembed\" frameborder=\"0\" allow=\"accelerometer; autoplay; clipboard-write; encrypted-media; gyroscope; picture-in-picture\" allowfullscreen><\/iframe><\/p>\n<p><iframe title=\"Gobierno de la Ciudad de Buenos Aires - Cara a cara (Juana)\" width=\"800\" height=\"450\" src=\"https:\/\/www.youtube.com\/embed\/6Y2vj06uUeQ?feature=oembed\" frameborder=\"0\" allow=\"accelerometer; autoplay; clipboard-write; encrypted-media; gyroscope; picture-in-picture\" allowfullscreen><\/iframe><\/p>\n<p><iframe title=\"Gobierno de la Ciudad de Buenos Aires - Cara a cara (Jos\u00e9)\" width=\"800\" height=\"450\" src=\"https:\/\/www.youtube.com\/embed\/HyiHVNF4VhU?feature=oembed\" frameborder=\"0\" allow=\"accelerometer; autoplay; clipboard-write; encrypted-media; gyroscope; picture-in-picture\" allowfullscreen><\/iframe><\/p>\n<p><iframe title=\"Gobierno de la Ciudad de Buenos Aires - Cara a cara (Fernanda)\" width=\"800\" height=\"450\" src=\"https:\/\/www.youtube.com\/embed\/Ta0jKG9A6Qo?feature=oembed\" frameborder=\"0\" allow=\"accelerometer; autoplay; clipboard-write; encrypted-media; gyroscope; picture-in-picture\" allowfullscreen><\/iframe><\/p>\n<p><strong>Ficha t\u00e9cnica<\/strong><br \/>\nCliente: Gobierno de la Ciudad de Buenos Aires<br \/>\nProducto: Red Social<br \/>\nAgencia: <a href=\"https:\/\/donagencia.com\/\" target=\"_blank\" rel=\"\u201dnofollow\u201d\" rel=\"nofollow\">Don<\/a><br \/>\nT\u00edtulo: Cara a Cara<br \/>\nDirector general creativo: Papon Ricciarelli \/ Gonzalo Ricca<br \/>\nDirector Creativo: Esteban Seimandi<br \/>\nRedactor: Gustavo Botte \/ Franco Echeverr\u00eda<br \/>\nDirector General de marcas: Santiago Sarni<br \/>\nDirector de marcas: Santiago Sarni<br \/>\nSupervisora de cuentas: Rocio Serafini<br \/>\nDirector de producci\u00f3n audiovisual: Carlos Cavaciocchi<br \/>\nProducci\u00f3n por agencia: Agustina Marques\/ Nicol\u00e1s Hoffmann<br \/>\nProductora: <a href=\"https:\/\/www.concretofilms.com\" target=\"_blank\" rel=\"\u201dnofollow\u201d\" rel=\"nofollow\">Concreto<\/a><br \/>\nProductor ejecutivo: Georgina Orellana y Dolores Llosas<br \/>\nProductor: Graciana Koler<br \/>\nDirector: Juan Taratuto y Mart\u00edn Carranza.<br \/>\nPostproducci\u00f3n: Mat\u00edas D\u00edaz Mareco<br \/>\nCoordinador general: Mariano Ricciarelli<br \/>\nSonido: <a href=\"http:\/\/www.tressonido.com\" target=\"_blank\" rel=\u201dnofollow\u201d rel=\"nofollow\">3 sonido<\/a><br \/>\nLocuci\u00f3n: Shumi Gauto<br \/>\nDirector de fotograf\u00eda: Jos\u00e9 Luis Garc\u00eda<br \/>\nResponsables por el cliente: Fanny Pe\u00f1a \u2013 Elena Castro Feij\u00f3o \u2013 Mercedes Doucet<br \/>\nFuente: <a href=\"https:\/\/www.dossiernet.com.ar\/\" target=\"_blank\" rel=\u201dnofollow\u201d rel=\"nofollow\">Dossiernet<\/a><\/p>\n","protected":false},"excerpt":{"rendered":"<p>Publicidad en Argentina | La Agencia Don Buenos Aires, presenta la nueva campa\u00f1a para el Gobierno de la Ciudad de Buenos Aires, \u201cEn todo estas vos\u201d, donde en cada uno de los cuatro comerciales presenta el testimonio de un vecino que participa de los programas sociales entrevistados cara a cara con el propio jefe de [&hellip;]<\/p>\n","protected":false},"author":1,"featured_media":0,"comment_status":"open","ping_status":"open","sticky":false,"template":"","format":"standard","meta":{"_jetpack_memberships_contains_paid_content":false,"footnotes":""},"categories":[25],"tags":[208,103,574,575,22,576,130,577,578,45,38,579],"class_list":["post-933","post","type-post","status-publish","format-standard","hentry","category-publicidad","tag-208","tag-buenos-aires","tag-ciudad-de-buenos-aires","tag-en-todo-estas-vos","tag-ficha-tecnica","tag-jefe-de-gobierno-porteno","tag-locucion","tag-locutora","tag-mauricio-macri","tag-propaganda","tag-publicidad-2","tag-shumi-gauto"],"jetpack_featured_media_url":"","jetpack_sharing_enabled":true,"_links":{"self":[{"href":"https:\/\/leomuniz.com.ar\/blog\/wp-json\/wp\/v2\/posts\/933","targetHints":{"allow":["GET"]}}],"collection":[{"href":"https:\/\/leomuniz.com.ar\/blog\/wp-json\/wp\/v2\/posts"}],"about":[{"href":"https:\/\/leomuniz.com.ar\/blog\/wp-json\/wp\/v2\/types\/post"}],"author":[{"embeddable":true,"href":"https:\/\/leomuniz.com.ar\/blog\/wp-json\/wp\/v2\/users\/1"}],"replies":[{"embeddable":true,"href":"https:\/\/leomuniz.com.ar\/blog\/wp-json\/wp\/v2\/comments?post=933"}],"version-history":[{"count":2,"href":"https:\/\/leomuniz.com.ar\/blog\/wp-json\/wp\/v2\/posts\/933\/revisions"}],"predecessor-version":[{"id":9641,"href":"https:\/\/leomuniz.com.ar\/blog\/wp-json\/wp\/v2\/posts\/933\/revisions\/9641"}],"wp:attachment":[{"href":"https:\/\/leomuniz.com.ar\/blog\/wp-json\/wp\/v2\/media?parent=933"}],"wp:term":[{"taxonomy":"category","embeddable":true,"href":"https:\/\/leomuniz.com.ar\/blog\/wp-json\/wp\/v2\/categories?post=933"},{"taxonomy":"post_tag","embeddable":true,"href":"https:\/\/leomuniz.com.ar\/blog\/wp-json\/wp\/v2\/tags?post=933"}],"curies":[{"name":"wp","href":"https:\/\/api.w.org\/{rel}","templated":true}]}}